{"id":4059,"date":"2024-06-14T06:59:25","date_gmt":"2024-06-14T06:59:25","guid":{"rendered":"https:\/\/www.fundaciopimec.org\/?p=4059"},"modified":"2024-06-14T07:09:36","modified_gmt":"2024-06-14T07:09:36","slug":"fundacio-pimec-y-fundacion-mgc-firman-un-convenio-con-el-objetivo-de-conseguir-que-las-pymes-sean-espacios-de-promocion-de-la-salud-y-el-bienestar-emocional","status":"publish","type":"post","link":"https:\/\/www.fundaciopimec.org\/es\/2024\/06\/14\/fundacio-pimec-y-fundacion-mgc-firman-un-convenio-con-el-objetivo-de-conseguir-que-las-pymes-sean-espacios-de-promocion-de-la-salud-y-el-bienestar-emocional\/","title":{"rendered":"Fundaci\u00f3 PIMEC y Fundaci\u00f3n MGC firman un convenio con el objetivo de conseguir que las pymes sean espacios de promoci\u00f3n de la salud y el bienestar emocional"},"content":{"rendered":"\n<figure class=\"wp-block-image aligncenter size-full\"><img loading=\"lazy\" decoding=\"async\" width=\"800\" height=\"484\" src=\"http:\/\/www.fundaciopimec.org\/wp-content\/uploads\/66697d00ebc2d-9284-web.jpg\" alt=\"\" class=\"wp-image-4052\" srcset=\"https:\/\/www.fundaciopimec.org\/wp-content\/uploads\/66697d00ebc2d-9284-web.jpg 800w, https:\/\/www.fundaciopimec.org\/wp-content\/uploads\/66697d00ebc2d-9284-web-300x182.jpg 300w, https:\/\/www.fundaciopimec.org\/wp-content\/uploads\/66697d00ebc2d-9284-web-768x465.jpg 768w\" sizes=\"auto, (max-width: 800px) 100vw, 800px\" \/><\/figure>\n\n\n\n<p class=\"has-x-small-font-size\"><em>Ambas entidades impulsar\u00e1n la informaci\u00f3n y el acceso a servicios de atenci\u00f3n primaria de salud en remoto<\/em><\/p>\n\n\n\n<p class=\"has-x-small-font-size\"><strong>Barcelona, 12 de junio de 2024<\/strong>. Daniel Redondo, presidente de MGC M\u00fatua y patr\u00f3n delegado de la Fundaci\u00f3n MGC, y Josep Gonz\u00e1lez, presidente de la Fundaci\u00f3 PIMEC, han firmado el convenio que une a las dos entidades para impulsar acciones de concienciaci\u00f3n y divulgaci\u00f3n orientadas a aut\u00f3nomos, pymes y mipymes para que sean espacios de promoci\u00f3n de la salud y del bienestar emocional, poniendo especial foco en aquellos negocios ubicados en zonas rurales, donde el acceso a la informaci\u00f3n o a los servicios sanitarios puede ser limitado. <\/p>\n\n\n\n<p class=\"has-x-small-font-size\">En concreto, las partes acuerdan desarrollar e implementar programas de promoci\u00f3n de la salud y prevenci\u00f3n de enfermedades dirigidos en especial al colectivo de personas aut\u00f3nomas y emprendedoras y sus familias; promover y difundir informaci\u00f3n y el acceso a servicios de atenci\u00f3n primaria de salud en remoto; y a intercambiar recursos, conocimientos y experiencias para fortalecer las capacidades de difusi\u00f3n, formaci\u00f3n y concienciaci\u00f3n en materia de salud. <\/p>\n\n\n\n<p class=\"has-x-small-font-size\">Daniel Redondo coment\u00f3 que \u00abpara la Fundaci\u00f3n MGC es una satisfacci\u00f3n poder apoyar a la Fundaci\u00f3 PIMEC para llevar a cabo diferentes actividades de inter\u00e9s general, como por ejemplo servicios asistenciales, patrocinio de actuaciones culturales y proyectos solidarios, as\u00ed como la organizaci\u00f3n de iniciativas orientadas a difundir diferentes aspectos relacionados con el fomento de la salud y la prevenci\u00f3n de la enfermedad.\u00bb <\/p>\n\n\n\n<p class=\"has-x-small-font-size\">Por su parte, Josep Gonz\u00e1lez ha indicado: \u00abEstamos muy agradecidos a la Fundaci\u00f3n MGC por ayudarnos a promocionar la salud y el bienestar emocional entre las personas empresarias y aut\u00f3nomas. De hecho, el entorno empresarial actual de complejidad e incertidumbre, incluso con situaciones incomprensibles, comporta situaciones dif\u00edcilmente gestionables, que pueden llegar a afectar la calidad del proceso de decisi\u00f3n, la marcha de la micro o peque\u00f1a empresa y la vida personal y familiar.\u201d<\/p>\n\n\n\n<div class=\"wp-block-file\"><a id=\"wp-block-file--media-9e7a051a-2de4-4964-b628-d6c6ff5bb1ec\" href=\"https:\/\/www.fundaciopimec.org\/wp-content\/uploads\/NdP-convenio-FMGC-y-Fundacio-PIMEC-12junio-2024-Castella.pdf\"><strong>Descarga<\/strong>: NdP-convenio-FMGC-y-Fundacio-PIMEC-12junio-2024-Castella<\/a><\/div>\n","protected":false},"excerpt":{"rendered":"<p>Ambas entidades impulsar\u00e1n la informaci\u00f3n y el acceso a servicios de atenci\u00f3n primaria de salud en remoto Barcelona, 12 de junio de 2024. Daniel Redondo, presidente de MGC M\u00fatua y patr\u00f3n delegado de la Fundaci\u00f3n MGC, y Josep Gonz\u00e1lez, presidente de la Fundaci\u00f3 PIMEC, han firmado el convenio que une a las dos entidades para [&hellip;]<\/p>\n","protected":false},"author":8,"featured_media":4054,"comment_status":"open","ping_status":"open","sticky":false,"template":"","format":"standard","meta":{"_editorskit_title_hidden":false,"_editorskit_reading_time":0,"_editorskit_is_block_options_detached":false,"_editorskit_block_options_position":"{}","footnotes":""},"categories":[1],"tags":[],"class_list":["post-4059","post","type-post","status-publish","format-standard","has-post-thumbnail","hentry","category-sin-categorizar"],"yoast_head":"<!-- This site is optimized with the Yoast SEO plugin v21.5 - https:\/\/yoast.com\/wordpress\/plugins\/seo\/ -->\n<title>Fundaci\u00f3 PIMEC y Fundaci\u00f3n MGC firman un convenio con el objetivo de conseguir que las pymes sean espacios de promoci\u00f3n de la salud y el bienestar emocional - Fundaci\u00f3 PIMEC<\/title>\n<meta name=\"robots\" content=\"index, follow, max-snippet:-1, max-image-preview:large, max-video-preview:-1\" \/>\n<link rel=\"canonical\" href=\"https:\/\/www.fundaciopimec.org\/es\/2024\/06\/14\/fundacio-pimec-y-fundacion-mgc-firman-un-convenio-con-el-objetivo-de-conseguir-que-las-pymes-sean-espacios-de-promocion-de-la-salud-y-el-bienestar-emocional\/\" \/>\n<meta property=\"og:locale\" content=\"es_ES\" \/>\n<meta property=\"og:type\" content=\"article\" \/>\n<meta property=\"og:title\" content=\"Fundaci\u00f3 PIMEC y Fundaci\u00f3n MGC firman un convenio con el objetivo de conseguir que las pymes sean espacios de promoci\u00f3n de la salud y el bienestar emocional - Fundaci\u00f3 PIMEC\" \/>\n<meta property=\"og:description\" content=\"Ambas entidades impulsar\u00e1n la informaci\u00f3n y el acceso a servicios de atenci\u00f3n primaria de salud en remoto Barcelona, 12 de junio de 2024. Daniel Redondo, presidente de MGC M\u00fatua y patr\u00f3n delegado de la Fundaci\u00f3n MGC, y Josep Gonz\u00e1lez, presidente de la Fundaci\u00f3 PIMEC, han firmado el convenio que une a las dos entidades para [&hellip;]\" \/>\n<meta property=\"og:url\" content=\"https:\/\/www.fundaciopimec.org\/es\/2024\/06\/14\/fundacio-pimec-y-fundacion-mgc-firman-un-convenio-con-el-objetivo-de-conseguir-que-las-pymes-sean-espacios-de-promocion-de-la-salud-y-el-bienestar-emocional\/\" \/>\n<meta property=\"og:site_name\" content=\"Fundaci\u00f3 PIMEC\" \/>\n<meta property=\"article:published_time\" content=\"2024-06-14T06:59:25+00:00\" \/>\n<meta property=\"article:modified_time\" content=\"2024-06-14T07:09:36+00:00\" \/>\n<meta property=\"og:image\" content=\"http:\/\/www.fundaciopimec.org\/wp-content\/uploads\/66697d00ebc2d-9284-web.jpg\" \/>\n\t<meta property=\"og:image:width\" content=\"800\" \/>\n\t<meta property=\"og:image:height\" content=\"484\" \/>\n\t<meta property=\"og:image:type\" content=\"image\/jpeg\" \/>\n<meta name=\"author\" content=\"Sofia Ricart\" \/>\n<meta name=\"twitter:card\" content=\"summary_large_image\" \/>\n<meta name=\"twitter:label1\" content=\"Escrito por\" \/>\n\t<meta name=\"twitter:data1\" content=\"Sofia Ricart\" \/>\n\t<meta name=\"twitter:label2\" content=\"Tiempo de lectura\" \/>\n\t<meta name=\"twitter:data2\" content=\"2 minutos\" \/>\n<script type=\"application\/ld+json\" class=\"yoast-schema-graph\">{\"@context\":\"https:\/\/schema.org\",\"@graph\":[{\"@type\":\"Article\",\"@id\":\"https:\/\/www.fundaciopimec.org\/es\/2024\/06\/14\/fundacio-pimec-y-fundacion-mgc-firman-un-convenio-con-el-objetivo-de-conseguir-que-las-pymes-sean-espacios-de-promocion-de-la-salud-y-el-bienestar-emocional\/#article\",\"isPartOf\":{\"@id\":\"https:\/\/www.fundaciopimec.org\/es\/2024\/06\/14\/fundacio-pimec-y-fundacion-mgc-firman-un-convenio-con-el-objetivo-de-conseguir-que-las-pymes-sean-espacios-de-promocion-de-la-salud-y-el-bienestar-emocional\/\"},\"author\":{\"name\":\"Sofia Ricart\",\"@id\":\"https:\/\/www.fundaciopimec.org\/es\/#\/schema\/person\/c0f1788d010b1013f601a6636bda822d\"},\"headline\":\"Fundaci\u00f3 PIMEC y Fundaci\u00f3n MGC firman un convenio con el objetivo de conseguir que las pymes sean espacios de promoci\u00f3n de la salud y el bienestar emocional\",\"datePublished\":\"2024-06-14T06:59:25+00:00\",\"dateModified\":\"2024-06-14T07:09:36+00:00\",\"mainEntityOfPage\":{\"@id\":\"https:\/\/www.fundaciopimec.org\/es\/2024\/06\/14\/fundacio-pimec-y-fundacion-mgc-firman-un-convenio-con-el-objetivo-de-conseguir-que-las-pymes-sean-espacios-de-promocion-de-la-salud-y-el-bienestar-emocional\/\"},\"wordCount\":368,\"commentCount\":0,\"publisher\":{\"@id\":\"https:\/\/www.fundaciopimec.org\/es\/#organization\"},\"articleSection\":[\"Sin categorizar\"],\"inLanguage\":\"es\",\"potentialAction\":[{\"@type\":\"CommentAction\",\"name\":\"Comment\",\"target\":[\"https:\/\/www.fundaciopimec.org\/es\/2024\/06\/14\/fundacio-pimec-y-fundacion-mgc-firman-un-convenio-con-el-objetivo-de-conseguir-que-las-pymes-sean-espacios-de-promocion-de-la-salud-y-el-bienestar-emocional\/#respond\"]}]},{\"@type\":\"WebPage\",\"@id\":\"https:\/\/www.fundaciopimec.org\/es\/2024\/06\/14\/fundacio-pimec-y-fundacion-mgc-firman-un-convenio-con-el-objetivo-de-conseguir-que-las-pymes-sean-espacios-de-promocion-de-la-salud-y-el-bienestar-emocional\/\",\"url\":\"https:\/\/www.fundaciopimec.org\/es\/2024\/06\/14\/fundacio-pimec-y-fundacion-mgc-firman-un-convenio-con-el-objetivo-de-conseguir-que-las-pymes-sean-espacios-de-promocion-de-la-salud-y-el-bienestar-emocional\/\",\"name\":\"Fundaci\u00f3 PIMEC y Fundaci\u00f3n MGC firman un convenio con el objetivo de conseguir que las pymes sean espacios de promoci\u00f3n de la salud y el bienestar emocional - Fundaci\u00f3 PIMEC\",\"isPartOf\":{\"@id\":\"https:\/\/www.fundaciopimec.org\/es\/#website\"},\"datePublished\":\"2024-06-14T06:59:25+00:00\",\"dateModified\":\"2024-06-14T07:09:36+00:00\",\"breadcrumb\":{\"@id\":\"https:\/\/www.fundaciopimec.org\/es\/2024\/06\/14\/fundacio-pimec-y-fundacion-mgc-firman-un-convenio-con-el-objetivo-de-conseguir-que-las-pymes-sean-espacios-de-promocion-de-la-salud-y-el-bienestar-emocional\/#breadcrumb\"},\"inLanguage\":\"es\",\"potentialAction\":[{\"@type\":\"ReadAction\",\"target\":[\"https:\/\/www.fundaciopimec.org\/es\/2024\/06\/14\/fundacio-pimec-y-fundacion-mgc-firman-un-convenio-con-el-objetivo-de-conseguir-que-las-pymes-sean-espacios-de-promocion-de-la-salud-y-el-bienestar-emocional\/\"]}]},{\"@type\":\"BreadcrumbList\",\"@id\":\"https:\/\/www.fundaciopimec.org\/es\/2024\/06\/14\/fundacio-pimec-y-fundacion-mgc-firman-un-convenio-con-el-objetivo-de-conseguir-que-las-pymes-sean-espacios-de-promocion-de-la-salud-y-el-bienestar-emocional\/#breadcrumb\",\"itemListElement\":[{\"@type\":\"ListItem\",\"position\":1,\"name\":\"Portada\",\"item\":\"https:\/\/www.fundaciopimec.org\/es\/\"},{\"@type\":\"ListItem\",\"position\":2,\"name\":\"Fundaci\u00f3 PIMEC y Fundaci\u00f3n MGC firman un convenio con el objetivo de conseguir que las pymes sean espacios de promoci\u00f3n de la salud y el bienestar emocional\"}]},{\"@type\":\"WebSite\",\"@id\":\"https:\/\/www.fundaciopimec.org\/es\/#website\",\"url\":\"https:\/\/www.fundaciopimec.org\/es\/\",\"name\":\"Fundaci\u00f3 PIMEC\",\"description\":\"Fundaci\u00f3n PIMEC. Hacia una nueva forma de hacer y ser empresa. Apoyo personal y empresarial. Integraci\u00f3n y diversidad. Empresa y compromiso comunitario.\",\"publisher\":{\"@id\":\"https:\/\/www.fundaciopimec.org\/es\/#organization\"},\"potentialAction\":[{\"@type\":\"SearchAction\",\"target\":{\"@type\":\"EntryPoint\",\"urlTemplate\":\"https:\/\/www.fundaciopimec.org\/es\/?s={search_term_string}\"},\"query-input\":\"required name=search_term_string\"}],\"inLanguage\":\"es\"},{\"@type\":\"Organization\",\"@id\":\"https:\/\/www.fundaciopimec.org\/es\/#organization\",\"name\":\"Fundaci\u00f3 PIMEC\",\"url\":\"https:\/\/www.fundaciopimec.org\/es\/\",\"logo\":{\"@type\":\"ImageObject\",\"inLanguage\":\"es\",\"@id\":\"https:\/\/www.fundaciopimec.org\/es\/#\/schema\/logo\/image\/\",\"url\":\"https:\/\/www.fundaciopimec.org\/wp-content\/uploads\/Fundacio-Pimec.png\",\"contentUrl\":\"https:\/\/www.fundaciopimec.org\/wp-content\/uploads\/Fundacio-Pimec.png\",\"width\":1459,\"height\":199,\"caption\":\"Fundaci\u00f3 PIMEC\"},\"image\":{\"@id\":\"https:\/\/www.fundaciopimec.org\/es\/#\/schema\/logo\/image\/\"}},{\"@type\":\"Person\",\"@id\":\"https:\/\/www.fundaciopimec.org\/es\/#\/schema\/person\/c0f1788d010b1013f601a6636bda822d\",\"name\":\"Sofia Ricart\",\"image\":{\"@type\":\"ImageObject\",\"inLanguage\":\"es\",\"@id\":\"https:\/\/www.fundaciopimec.org\/es\/#\/schema\/person\/image\/\",\"url\":\"https:\/\/secure.gravatar.com\/avatar\/a3fe762f0f82c6372294667242500686?s=96&d=mm&r=g\",\"contentUrl\":\"https:\/\/secure.gravatar.com\/avatar\/a3fe762f0f82c6372294667242500686?s=96&d=mm&r=g\",\"caption\":\"Sofia Ricart\"},\"url\":\"https:\/\/www.fundaciopimec.org\/es\/author\/sofia-ricart-pimec\/\"}]}<\/script>\n<!-- \/ Yoast SEO plugin. -->","yoast_head_json":{"title":"Fundaci\u00f3 PIMEC y Fundaci\u00f3n MGC firman un convenio con el objetivo de conseguir que las pymes sean espacios de promoci\u00f3n de la salud y el bienestar emocional - Fundaci\u00f3 PIMEC","robots":{"index":"index","follow":"follow","max-snippet":"max-snippet:-1","max-image-preview":"max-image-preview:large","max-video-preview":"max-video-preview:-1"},"canonical":"https:\/\/www.fundaciopimec.org\/es\/2024\/06\/14\/fundacio-pimec-y-fundacion-mgc-firman-un-convenio-con-el-objetivo-de-conseguir-que-las-pymes-sean-espacios-de-promocion-de-la-salud-y-el-bienestar-emocional\/","og_locale":"es_ES","og_type":"article","og_title":"Fundaci\u00f3 PIMEC y Fundaci\u00f3n MGC firman un convenio con el objetivo de conseguir que las pymes sean espacios de promoci\u00f3n de la salud y el bienestar emocional - Fundaci\u00f3 PIMEC","og_description":"Ambas entidades impulsar\u00e1n la informaci\u00f3n y el acceso a servicios de atenci\u00f3n primaria de salud en remoto Barcelona, 12 de junio de 2024. Daniel Redondo, presidente de MGC M\u00fatua y patr\u00f3n delegado de la Fundaci\u00f3n MGC, y Josep Gonz\u00e1lez, presidente de la Fundaci\u00f3 PIMEC, han firmado el convenio que une a las dos entidades para [&hellip;]","og_url":"https:\/\/www.fundaciopimec.org\/es\/2024\/06\/14\/fundacio-pimec-y-fundacion-mgc-firman-un-convenio-con-el-objetivo-de-conseguir-que-las-pymes-sean-espacios-de-promocion-de-la-salud-y-el-bienestar-emocional\/","og_site_name":"Fundaci\u00f3 PIMEC","article_published_time":"2024-06-14T06:59:25+00:00","article_modified_time":"2024-06-14T07:09:36+00:00","og_image":[{"width":800,"height":484,"url":"http:\/\/www.fundaciopimec.org\/wp-content\/uploads\/66697d00ebc2d-9284-web.jpg","type":"image\/jpeg"}],"author":"Sofia Ricart","twitter_card":"summary_large_image","twitter_misc":{"Escrito por":"Sofia Ricart","Tiempo de lectura":"2 minutos"},"schema":{"@context":"https:\/\/schema.org","@graph":[{"@type":"Article","@id":"https:\/\/www.fundaciopimec.org\/es\/2024\/06\/14\/fundacio-pimec-y-fundacion-mgc-firman-un-convenio-con-el-objetivo-de-conseguir-que-las-pymes-sean-espacios-de-promocion-de-la-salud-y-el-bienestar-emocional\/#article","isPartOf":{"@id":"https:\/\/www.fundaciopimec.org\/es\/2024\/06\/14\/fundacio-pimec-y-fundacion-mgc-firman-un-convenio-con-el-objetivo-de-conseguir-que-las-pymes-sean-espacios-de-promocion-de-la-salud-y-el-bienestar-emocional\/"},"author":{"name":"Sofia Ricart","@id":"https:\/\/www.fundaciopimec.org\/es\/#\/schema\/person\/c0f1788d010b1013f601a6636bda822d"},"headline":"Fundaci\u00f3 PIMEC y Fundaci\u00f3n MGC firman un convenio con el objetivo de conseguir que las pymes sean espacios de promoci\u00f3n de la salud y el bienestar emocional","datePublished":"2024-06-14T06:59:25+00:00","dateModified":"2024-06-14T07:09:36+00:00","mainEntityOfPage":{"@id":"https:\/\/www.fundaciopimec.org\/es\/2024\/06\/14\/fundacio-pimec-y-fundacion-mgc-firman-un-convenio-con-el-objetivo-de-conseguir-que-las-pymes-sean-espacios-de-promocion-de-la-salud-y-el-bienestar-emocional\/"},"wordCount":368,"commentCount":0,"publisher":{"@id":"https:\/\/www.fundaciopimec.org\/es\/#organization"},"articleSection":["Sin categorizar"],"inLanguage":"es","potentialAction":[{"@type":"CommentAction","name":"Comment","target":["https:\/\/www.fundaciopimec.org\/es\/2024\/06\/14\/fundacio-pimec-y-fundacion-mgc-firman-un-convenio-con-el-objetivo-de-conseguir-que-las-pymes-sean-espacios-de-promocion-de-la-salud-y-el-bienestar-emocional\/#respond"]}]},{"@type":"WebPage","@id":"https:\/\/www.fundaciopimec.org\/es\/2024\/06\/14\/fundacio-pimec-y-fundacion-mgc-firman-un-convenio-con-el-objetivo-de-conseguir-que-las-pymes-sean-espacios-de-promocion-de-la-salud-y-el-bienestar-emocional\/","url":"https:\/\/www.fundaciopimec.org\/es\/2024\/06\/14\/fundacio-pimec-y-fundacion-mgc-firman-un-convenio-con-el-objetivo-de-conseguir-que-las-pymes-sean-espacios-de-promocion-de-la-salud-y-el-bienestar-emocional\/","name":"Fundaci\u00f3 PIMEC y Fundaci\u00f3n MGC firman un convenio con el objetivo de conseguir que las pymes sean espacios de promoci\u00f3n de la salud y el bienestar emocional - Fundaci\u00f3 PIMEC","isPartOf":{"@id":"https:\/\/www.fundaciopimec.org\/es\/#website"},"datePublished":"2024-06-14T06:59:25+00:00","dateModified":"2024-06-14T07:09:36+00:00","breadcrumb":{"@id":"https:\/\/www.fundaciopimec.org\/es\/2024\/06\/14\/fundacio-pimec-y-fundacion-mgc-firman-un-convenio-con-el-objetivo-de-conseguir-que-las-pymes-sean-espacios-de-promocion-de-la-salud-y-el-bienestar-emocional\/#breadcrumb"},"inLanguage":"es","potentialAction":[{"@type":"ReadAction","target":["https:\/\/www.fundaciopimec.org\/es\/2024\/06\/14\/fundacio-pimec-y-fundacion-mgc-firman-un-convenio-con-el-objetivo-de-conseguir-que-las-pymes-sean-espacios-de-promocion-de-la-salud-y-el-bienestar-emocional\/"]}]},{"@type":"BreadcrumbList","@id":"https:\/\/www.fundaciopimec.org\/es\/2024\/06\/14\/fundacio-pimec-y-fundacion-mgc-firman-un-convenio-con-el-objetivo-de-conseguir-que-las-pymes-sean-espacios-de-promocion-de-la-salud-y-el-bienestar-emocional\/#breadcrumb","itemListElement":[{"@type":"ListItem","position":1,"name":"Portada","item":"https:\/\/www.fundaciopimec.org\/es\/"},{"@type":"ListItem","position":2,"name":"Fundaci\u00f3 PIMEC y Fundaci\u00f3n MGC firman un convenio con el objetivo de conseguir que las pymes sean espacios de promoci\u00f3n de la salud y el bienestar emocional"}]},{"@type":"WebSite","@id":"https:\/\/www.fundaciopimec.org\/es\/#website","url":"https:\/\/www.fundaciopimec.org\/es\/","name":"Fundaci\u00f3 PIMEC","description":"Fundaci\u00f3n PIMEC. Hacia una nueva forma de hacer y ser empresa. Apoyo personal y empresarial. Integraci\u00f3n y diversidad. Empresa y compromiso comunitario.","publisher":{"@id":"https:\/\/www.fundaciopimec.org\/es\/#organization"},"potentialAction":[{"@type":"SearchAction","target":{"@type":"EntryPoint","urlTemplate":"https:\/\/www.fundaciopimec.org\/es\/?s={search_term_string}"},"query-input":"required name=search_term_string"}],"inLanguage":"es"},{"@type":"Organization","@id":"https:\/\/www.fundaciopimec.org\/es\/#organization","name":"Fundaci\u00f3 PIMEC","url":"https:\/\/www.fundaciopimec.org\/es\/","logo":{"@type":"ImageObject","inLanguage":"es","@id":"https:\/\/www.fundaciopimec.org\/es\/#\/schema\/logo\/image\/","url":"https:\/\/www.fundaciopimec.org\/wp-content\/uploads\/Fundacio-Pimec.png","contentUrl":"https:\/\/www.fundaciopimec.org\/wp-content\/uploads\/Fundacio-Pimec.png","width":1459,"height":199,"caption":"Fundaci\u00f3 PIMEC"},"image":{"@id":"https:\/\/www.fundaciopimec.org\/es\/#\/schema\/logo\/image\/"}},{"@type":"Person","@id":"https:\/\/www.fundaciopimec.org\/es\/#\/schema\/person\/c0f1788d010b1013f601a6636bda822d","name":"Sofia Ricart","image":{"@type":"ImageObject","inLanguage":"es","@id":"https:\/\/www.fundaciopimec.org\/es\/#\/schema\/person\/image\/","url":"https:\/\/secure.gravatar.com\/avatar\/a3fe762f0f82c6372294667242500686?s=96&d=mm&r=g","contentUrl":"https:\/\/secure.gravatar.com\/avatar\/a3fe762f0f82c6372294667242500686?s=96&d=mm&r=g","caption":"Sofia Ricart"},"url":"https:\/\/www.fundaciopimec.org\/es\/author\/sofia-ricart-pimec\/"}]}},"_links":{"self":[{"href":"https:\/\/www.fundaciopimec.org\/es\/wp-json\/wp\/v2\/posts\/4059","targetHints":{"allow":["GET"]}}],"collection":[{"href":"https:\/\/www.fundaciopimec.org\/es\/wp-json\/wp\/v2\/posts"}],"about":[{"href":"https:\/\/www.fundaciopimec.org\/es\/wp-json\/wp\/v2\/types\/post"}],"author":[{"embeddable":true,"href":"https:\/\/www.fundaciopimec.org\/es\/wp-json\/wp\/v2\/users\/8"}],"replies":[{"embeddable":true,"href":"https:\/\/www.fundaciopimec.org\/es\/wp-json\/wp\/v2\/comments?post=4059"}],"version-history":[{"count":1,"href":"https:\/\/www.fundaciopimec.org\/es\/wp-json\/wp\/v2\/posts\/4059\/revisions"}],"predecessor-version":[{"id":4063,"href":"https:\/\/www.fundaciopimec.org\/es\/wp-json\/wp\/v2\/posts\/4059\/revisions\/4063"}],"wp:featuredmedia":[{"embeddable":true,"href":"https:\/\/www.fundaciopimec.org\/es\/wp-json\/wp\/v2\/media\/4054"}],"wp:attachment":[{"href":"https:\/\/www.fundaciopimec.org\/es\/wp-json\/wp\/v2\/media?parent=4059"}],"wp:term":[{"taxonomy":"category","embeddable":true,"href":"https:\/\/www.fundaciopimec.org\/es\/wp-json\/wp\/v2\/categories?post=4059"},{"taxonomy":"post_tag","embeddable":true,"href":"https:\/\/www.fundaciopimec.org\/es\/wp-json\/wp\/v2\/tags?post=4059"}],"curies":[{"name":"wp","href":"https:\/\/api.w.org\/{rel}","templated":true}]}}