{"id":4288,"date":"2024-09-18T09:32:17","date_gmt":"2024-09-18T09:32:17","guid":{"rendered":"https:\/\/www.fundaciopimec.org\/2024\/09\/18\/fundacio-pimec-i-fundacio-mgc-presenten-salut-360-per-promoure-entre-les-persones-empresaries-i-autonomes-la-prevencio-i-bones-practiques-en-materia-de-salut\/"},"modified":"2024-09-18T09:53:34","modified_gmt":"2024-09-18T09:53:34","slug":"fundacio-pimec-i-fundacio-mgc-presenten-salut-360-per-promoure-entre-les-persones-empresaries-i-autonomes-la-prevencio-i-bones-practiques-en-materia-de-salut","status":"publish","type":"post","link":"https:\/\/www.fundaciopimec.org\/es\/2024\/09\/18\/fundacio-pimec-i-fundacio-mgc-presenten-salut-360-per-promoure-entre-les-persones-empresaries-i-autonomes-la-prevencio-i-bones-practiques-en-materia-de-salut\/","title":{"rendered":"Fundaci\u00f3 PIMEC y Fundaci\u00f3 MGC presentan Salut 360 para promover, entre las personas empresarias y aut\u00f3nomas, la prevenci\u00f3n y buenas pr\u00e1cticas en materia de salud"},"content":{"rendered":"\n<figure class=\"wp-block-image aligncenter size-full\"><img loading=\"lazy\" decoding=\"async\" width=\"800\" height=\"534\" src=\"http:\/\/www.fundaciopimec.org\/wp-content\/uploads\/Foto-Salut-360-a-lesquerra-Josep-Gonzalez-i-a-la-dreta-Daniel-Redondo-e1726651346462.jpg\" alt=\"\" class=\"wp-image-4229\" style=\"object-fit:cover\"\/><\/figure>\n\n\n\n<p><em>Se pondr\u00e1 un especial foco en los empresarios y empresarias ubicados en zonas rurales, donde el acceso a la informaci\u00f3n o a los servicios sanitarios puede ser limitado.<\/em><\/p>\n\n\n\n<p>Barcelona, 16 de septiembre de 2024<\/p>\n\n\n\n<p><strong>Fundaci\u00f3 PIMEC<\/strong> y <strong>Fundaci\u00f3 MGC<\/strong> han creado \u2018Salut 360\u2019 (mente-cuerpo) para impulsar acciones de concienciaci\u00f3n y divulgaci\u00f3n orientadas a las personas aut\u00f3nomas y empresarias para promover la salud y el bienestar emocional, poniendo especial foco en aquellos negocios ubicados en zonas rurales, donde el acceso a la informaci\u00f3n o a los Servicios sanitarios puede ser limitado.<\/p>\n\n\n\n<p>En concreto, \u2018Salut 360\u2019 es una l\u00ednea de difusi\u00f3n de contenidos para promover la prevenci\u00f3n y buenas \u00a0pr\u00e1cticas en materia de salud en beneficio de las personas empresarias y aut\u00f3nomas. Esta iniciativa surge de la reciente firma del Convenio de colaboraci\u00f3n entre la Fundaci\u00f3 PIMEC y la Fundaci\u00f3 MGC y permitir\u00e1 conseguir los siguientes objetivos: sensibilizar a los empresarios, aut\u00f3nomos y directivos sobre la importancia de trabajar la prevenci\u00f3n y disponer de herramientas para fomentar la salud; proponer medidas a las personas empresarias para conocer su estado de salud; y difundir consejos espec\u00edficos para implementar pol\u00edticas de salud en el \u00e1mbito del trabajo.<\/p>\n\n\n\n<p>En opini\u00f3n de <strong>Josep Gonz\u00e1lez<\/strong>, presidente de la Fundaci\u00f3 PIMEC, \u201c\u2018Salut 360\u2019 refuerza nuestro eje de actividad Pyme y Salud, en el cual trabajamos contra el estr\u00e9s y el <em>burnout<\/em>, factores que inciden negativamente en la toma de decisions y ponen en peligro el futuro del negocio\u201d.<\/p>\n\n\n\n<p>Por su parte, <strong>Daniel Redondo<\/strong>, presidente de MGC Mutua y patr\u00f3n delegado de la Fundaci\u00f3 MGC, ha a\u00f1adido: \u201c\u2019Salut 360\u2019 no solo ofrece una plataforma de soporte para empresarios y aut\u00f3nomos en materia de salud f\u00edsica y mental, sin\u00f3 que tambi\u00e9n destaca nuestra voluntad de llevar la salud donde m\u00e1s se necesita. Los negocios ubicados en zonas rurales tienen dificultades para acceder a servicios de calidad, y con esta iniciativa queremos contribuir a reducir estas barreras, ofreciendo conocimiento y herramientas pr\u00e1cticas que pueden marcar una diferencia significativa en la salud y el bienestar de muchas personas.\u201d<\/p>\n\n\n\n<p><\/p>\n","protected":false},"excerpt":{"rendered":"<p>Se pondr\u00e1 un especial foco en los empresarios y empresarias ubicados en zonas rurales, donde el acceso a la informaci\u00f3n o a los servicios sanitarios puede ser limitado. Barcelona, 16 de septiembre de 2024 Fundaci\u00f3 PIMEC y Fundaci\u00f3 MGC han creado \u2018Salut 360\u2019 (mente-cuerpo) para impulsar acciones de concienciaci\u00f3n y divulgaci\u00f3n orientadas a las personas [&hellip;]<\/p>\n","protected":false},"author":12,"featured_media":4231,"comment_status":"open","ping_status":"open","sticky":false,"template":"","format":"standard","meta":{"_editorskit_title_hidden":false,"_editorskit_reading_time":0,"_editorskit_is_block_options_detached":false,"_editorskit_block_options_position":"{}","footnotes":""},"categories":[1],"tags":[],"class_list":["post-4288","post","type-post","status-publish","format-standard","has-post-thumbnail","hentry","category-sin-categorizar"],"yoast_head":"<!-- This site is optimized with the Yoast SEO plugin v21.5 - https:\/\/yoast.com\/wordpress\/plugins\/seo\/ -->\n<title>Fundaci\u00f3 PIMEC y Fundaci\u00f3 MGC presentan Salut 360 para promover, entre las personas empresarias y aut\u00f3nomas, la prevenci\u00f3n y buenas pr\u00e1cticas en materia de salud - Fundaci\u00f3 PIMEC<\/title>\n<meta name=\"robots\" content=\"index, follow, max-snippet:-1, max-image-preview:large, max-video-preview:-1\" \/>\n<link rel=\"canonical\" href=\"https:\/\/www.fundaciopimec.org\/es\/2024\/09\/18\/fundacio-pimec-i-fundacio-mgc-presenten-salut-360-per-promoure-entre-les-persones-empresaries-i-autonomes-la-prevencio-i-bones-practiques-en-materia-de-salut\/\" \/>\n<meta property=\"og:locale\" content=\"es_ES\" \/>\n<meta property=\"og:type\" content=\"article\" \/>\n<meta property=\"og:title\" content=\"Fundaci\u00f3 PIMEC y Fundaci\u00f3 MGC presentan Salut 360 para promover, entre las personas empresarias y aut\u00f3nomas, la prevenci\u00f3n y buenas pr\u00e1cticas en materia de salud - Fundaci\u00f3 PIMEC\" \/>\n<meta property=\"og:description\" content=\"Se pondr\u00e1 un especial foco en los empresarios y empresarias ubicados en zonas rurales, donde el acceso a la informaci\u00f3n o a los servicios sanitarios puede ser limitado. Barcelona, 16 de septiembre de 2024 Fundaci\u00f3 PIMEC y Fundaci\u00f3 MGC han creado \u2018Salut 360\u2019 (mente-cuerpo) para impulsar acciones de concienciaci\u00f3n y divulgaci\u00f3n orientadas a las personas [&hellip;]\" \/>\n<meta property=\"og:url\" content=\"https:\/\/www.fundaciopimec.org\/es\/2024\/09\/18\/fundacio-pimec-i-fundacio-mgc-presenten-salut-360-per-promoure-entre-les-persones-empresaries-i-autonomes-la-prevencio-i-bones-practiques-en-materia-de-salut\/\" \/>\n<meta property=\"og:site_name\" content=\"Fundaci\u00f3 PIMEC\" \/>\n<meta property=\"article:published_time\" content=\"2024-09-18T09:32:17+00:00\" \/>\n<meta property=\"article:modified_time\" content=\"2024-09-18T09:53:34+00:00\" \/>\n<meta property=\"og:image\" content=\"http:\/\/www.fundaciopimec.org\/wp-content\/uploads\/Foto-Salut-360-a-lesquerra-Josep-Gonzalez-i-a-la-dreta-Daniel-Redondo-e1726651346462.jpg\" \/>\n\t<meta property=\"og:image:width\" content=\"1954\" \/>\n\t<meta property=\"og:image:height\" content=\"2048\" \/>\n\t<meta property=\"og:image:type\" content=\"image\/jpeg\" \/>\n<meta name=\"author\" content=\"Esther Boixader\" \/>\n<meta name=\"twitter:card\" content=\"summary_large_image\" \/>\n<meta name=\"twitter:label1\" content=\"Escrito por\" \/>\n\t<meta name=\"twitter:data1\" content=\"Esther Boixader\" \/>\n\t<meta name=\"twitter:label2\" content=\"Tiempo de lectura\" \/>\n\t<meta name=\"twitter:data2\" content=\"3 minutos\" \/>\n<script type=\"application\/ld+json\" class=\"yoast-schema-graph\">{\"@context\":\"https:\/\/schema.org\",\"@graph\":[{\"@type\":\"Article\",\"@id\":\"https:\/\/www.fundaciopimec.org\/es\/2024\/09\/18\/fundacio-pimec-i-fundacio-mgc-presenten-salut-360-per-promoure-entre-les-persones-empresaries-i-autonomes-la-prevencio-i-bones-practiques-en-materia-de-salut\/#article\",\"isPartOf\":{\"@id\":\"https:\/\/www.fundaciopimec.org\/es\/2024\/09\/18\/fundacio-pimec-i-fundacio-mgc-presenten-salut-360-per-promoure-entre-les-persones-empresaries-i-autonomes-la-prevencio-i-bones-practiques-en-materia-de-salut\/\"},\"author\":{\"name\":\"Esther Boixader\",\"@id\":\"https:\/\/www.fundaciopimec.org\/es\/#\/schema\/person\/9443eac867f17430502764c8a8bedf4c\"},\"headline\":\"Fundaci\u00f3 PIMEC y Fundaci\u00f3 MGC presentan Salut 360 para promover, entre las personas empresarias y aut\u00f3nomas, la prevenci\u00f3n y buenas pr\u00e1cticas en materia de salud\",\"datePublished\":\"2024-09-18T09:32:17+00:00\",\"dateModified\":\"2024-09-18T09:53:34+00:00\",\"mainEntityOfPage\":{\"@id\":\"https:\/\/www.fundaciopimec.org\/es\/2024\/09\/18\/fundacio-pimec-i-fundacio-mgc-presenten-salut-360-per-promoure-entre-les-persones-empresaries-i-autonomes-la-prevencio-i-bones-practiques-en-materia-de-salut\/\"},\"wordCount\":382,\"commentCount\":0,\"publisher\":{\"@id\":\"https:\/\/www.fundaciopimec.org\/es\/#organization\"},\"articleSection\":[\"Sin categorizar\"],\"inLanguage\":\"es\",\"potentialAction\":[{\"@type\":\"CommentAction\",\"name\":\"Comment\",\"target\":[\"https:\/\/www.fundaciopimec.org\/es\/2024\/09\/18\/fundacio-pimec-i-fundacio-mgc-presenten-salut-360-per-promoure-entre-les-persones-empresaries-i-autonomes-la-prevencio-i-bones-practiques-en-materia-de-salut\/#respond\"]}]},{\"@type\":\"WebPage\",\"@id\":\"https:\/\/www.fundaciopimec.org\/es\/2024\/09\/18\/fundacio-pimec-i-fundacio-mgc-presenten-salut-360-per-promoure-entre-les-persones-empresaries-i-autonomes-la-prevencio-i-bones-practiques-en-materia-de-salut\/\",\"url\":\"https:\/\/www.fundaciopimec.org\/es\/2024\/09\/18\/fundacio-pimec-i-fundacio-mgc-presenten-salut-360-per-promoure-entre-les-persones-empresaries-i-autonomes-la-prevencio-i-bones-practiques-en-materia-de-salut\/\",\"name\":\"Fundaci\u00f3 PIMEC y Fundaci\u00f3 MGC presentan Salut 360 para promover, entre las personas empresarias y aut\u00f3nomas, la prevenci\u00f3n y buenas pr\u00e1cticas en materia de salud - Fundaci\u00f3 PIMEC\",\"isPartOf\":{\"@id\":\"https:\/\/www.fundaciopimec.org\/es\/#website\"},\"datePublished\":\"2024-09-18T09:32:17+00:00\",\"dateModified\":\"2024-09-18T09:53:34+00:00\",\"breadcrumb\":{\"@id\":\"https:\/\/www.fundaciopimec.org\/es\/2024\/09\/18\/fundacio-pimec-i-fundacio-mgc-presenten-salut-360-per-promoure-entre-les-persones-empresaries-i-autonomes-la-prevencio-i-bones-practiques-en-materia-de-salut\/#breadcrumb\"},\"inLanguage\":\"es\",\"potentialAction\":[{\"@type\":\"ReadAction\",\"target\":[\"https:\/\/www.fundaciopimec.org\/es\/2024\/09\/18\/fundacio-pimec-i-fundacio-mgc-presenten-salut-360-per-promoure-entre-les-persones-empresaries-i-autonomes-la-prevencio-i-bones-practiques-en-materia-de-salut\/\"]}]},{\"@type\":\"BreadcrumbList\",\"@id\":\"https:\/\/www.fundaciopimec.org\/es\/2024\/09\/18\/fundacio-pimec-i-fundacio-mgc-presenten-salut-360-per-promoure-entre-les-persones-empresaries-i-autonomes-la-prevencio-i-bones-practiques-en-materia-de-salut\/#breadcrumb\",\"itemListElement\":[{\"@type\":\"ListItem\",\"position\":1,\"name\":\"Portada\",\"item\":\"https:\/\/www.fundaciopimec.org\/es\/\"},{\"@type\":\"ListItem\",\"position\":2,\"name\":\"Fundaci\u00f3 PIMEC y Fundaci\u00f3 MGC presentan Salut 360 para promover, entre las personas empresarias y aut\u00f3nomas, la prevenci\u00f3n y buenas pr\u00e1cticas en materia de salud\"}]},{\"@type\":\"WebSite\",\"@id\":\"https:\/\/www.fundaciopimec.org\/es\/#website\",\"url\":\"https:\/\/www.fundaciopimec.org\/es\/\",\"name\":\"Fundaci\u00f3 PIMEC\",\"description\":\"Fundaci\u00f3n PIMEC. Hacia una nueva forma de hacer y ser empresa. Apoyo personal y empresarial. Integraci\u00f3n y diversidad. Empresa y compromiso comunitario.\",\"publisher\":{\"@id\":\"https:\/\/www.fundaciopimec.org\/es\/#organization\"},\"potentialAction\":[{\"@type\":\"SearchAction\",\"target\":{\"@type\":\"EntryPoint\",\"urlTemplate\":\"https:\/\/www.fundaciopimec.org\/es\/?s={search_term_string}\"},\"query-input\":\"required name=search_term_string\"}],\"inLanguage\":\"es\"},{\"@type\":\"Organization\",\"@id\":\"https:\/\/www.fundaciopimec.org\/es\/#organization\",\"name\":\"Fundaci\u00f3 PIMEC\",\"url\":\"https:\/\/www.fundaciopimec.org\/es\/\",\"logo\":{\"@type\":\"ImageObject\",\"inLanguage\":\"es\",\"@id\":\"https:\/\/www.fundaciopimec.org\/es\/#\/schema\/logo\/image\/\",\"url\":\"https:\/\/www.fundaciopimec.org\/wp-content\/uploads\/Fundacio-Pimec.png\",\"contentUrl\":\"https:\/\/www.fundaciopimec.org\/wp-content\/uploads\/Fundacio-Pimec.png\",\"width\":1459,\"height\":199,\"caption\":\"Fundaci\u00f3 PIMEC\"},\"image\":{\"@id\":\"https:\/\/www.fundaciopimec.org\/es\/#\/schema\/logo\/image\/\"}},{\"@type\":\"Person\",\"@id\":\"https:\/\/www.fundaciopimec.org\/es\/#\/schema\/person\/9443eac867f17430502764c8a8bedf4c\",\"name\":\"Esther Boixader\",\"image\":{\"@type\":\"ImageObject\",\"inLanguage\":\"es\",\"@id\":\"https:\/\/www.fundaciopimec.org\/es\/#\/schema\/person\/image\/\",\"url\":\"https:\/\/secure.gravatar.com\/avatar\/decc0f311a79f7ff5f475ece7ebe826f?s=96&d=mm&r=g\",\"contentUrl\":\"https:\/\/secure.gravatar.com\/avatar\/decc0f311a79f7ff5f475ece7ebe826f?s=96&d=mm&r=g\",\"caption\":\"Esther Boixader\"},\"url\":\"https:\/\/www.fundaciopimec.org\/es\/author\/esther\/\"}]}<\/script>\n<!-- \/ Yoast SEO plugin. -->","yoast_head_json":{"title":"Fundaci\u00f3 PIMEC y Fundaci\u00f3 MGC presentan Salut 360 para promover, entre las personas empresarias y aut\u00f3nomas, la prevenci\u00f3n y buenas pr\u00e1cticas en materia de salud - Fundaci\u00f3 PIMEC","robots":{"index":"index","follow":"follow","max-snippet":"max-snippet:-1","max-image-preview":"max-image-preview:large","max-video-preview":"max-video-preview:-1"},"canonical":"https:\/\/www.fundaciopimec.org\/es\/2024\/09\/18\/fundacio-pimec-i-fundacio-mgc-presenten-salut-360-per-promoure-entre-les-persones-empresaries-i-autonomes-la-prevencio-i-bones-practiques-en-materia-de-salut\/","og_locale":"es_ES","og_type":"article","og_title":"Fundaci\u00f3 PIMEC y Fundaci\u00f3 MGC presentan Salut 360 para promover, entre las personas empresarias y aut\u00f3nomas, la prevenci\u00f3n y buenas pr\u00e1cticas en materia de salud - Fundaci\u00f3 PIMEC","og_description":"Se pondr\u00e1 un especial foco en los empresarios y empresarias ubicados en zonas rurales, donde el acceso a la informaci\u00f3n o a los servicios sanitarios puede ser limitado. Barcelona, 16 de septiembre de 2024 Fundaci\u00f3 PIMEC y Fundaci\u00f3 MGC han creado \u2018Salut 360\u2019 (mente-cuerpo) para impulsar acciones de concienciaci\u00f3n y divulgaci\u00f3n orientadas a las personas [&hellip;]","og_url":"https:\/\/www.fundaciopimec.org\/es\/2024\/09\/18\/fundacio-pimec-i-fundacio-mgc-presenten-salut-360-per-promoure-entre-les-persones-empresaries-i-autonomes-la-prevencio-i-bones-practiques-en-materia-de-salut\/","og_site_name":"Fundaci\u00f3 PIMEC","article_published_time":"2024-09-18T09:32:17+00:00","article_modified_time":"2024-09-18T09:53:34+00:00","og_image":[{"width":1954,"height":2048,"url":"http:\/\/www.fundaciopimec.org\/wp-content\/uploads\/Foto-Salut-360-a-lesquerra-Josep-Gonzalez-i-a-la-dreta-Daniel-Redondo-e1726651346462.jpg","type":"image\/jpeg"}],"author":"Esther Boixader","twitter_card":"summary_large_image","twitter_misc":{"Escrito por":"Esther Boixader","Tiempo de lectura":"3 minutos"},"schema":{"@context":"https:\/\/schema.org","@graph":[{"@type":"Article","@id":"https:\/\/www.fundaciopimec.org\/es\/2024\/09\/18\/fundacio-pimec-i-fundacio-mgc-presenten-salut-360-per-promoure-entre-les-persones-empresaries-i-autonomes-la-prevencio-i-bones-practiques-en-materia-de-salut\/#article","isPartOf":{"@id":"https:\/\/www.fundaciopimec.org\/es\/2024\/09\/18\/fundacio-pimec-i-fundacio-mgc-presenten-salut-360-per-promoure-entre-les-persones-empresaries-i-autonomes-la-prevencio-i-bones-practiques-en-materia-de-salut\/"},"author":{"name":"Esther Boixader","@id":"https:\/\/www.fundaciopimec.org\/es\/#\/schema\/person\/9443eac867f17430502764c8a8bedf4c"},"headline":"Fundaci\u00f3 PIMEC y Fundaci\u00f3 MGC presentan Salut 360 para promover, entre las personas empresarias y aut\u00f3nomas, la prevenci\u00f3n y buenas pr\u00e1cticas en materia de salud","datePublished":"2024-09-18T09:32:17+00:00","dateModified":"2024-09-18T09:53:34+00:00","mainEntityOfPage":{"@id":"https:\/\/www.fundaciopimec.org\/es\/2024\/09\/18\/fundacio-pimec-i-fundacio-mgc-presenten-salut-360-per-promoure-entre-les-persones-empresaries-i-autonomes-la-prevencio-i-bones-practiques-en-materia-de-salut\/"},"wordCount":382,"commentCount":0,"publisher":{"@id":"https:\/\/www.fundaciopimec.org\/es\/#organization"},"articleSection":["Sin categorizar"],"inLanguage":"es","potentialAction":[{"@type":"CommentAction","name":"Comment","target":["https:\/\/www.fundaciopimec.org\/es\/2024\/09\/18\/fundacio-pimec-i-fundacio-mgc-presenten-salut-360-per-promoure-entre-les-persones-empresaries-i-autonomes-la-prevencio-i-bones-practiques-en-materia-de-salut\/#respond"]}]},{"@type":"WebPage","@id":"https:\/\/www.fundaciopimec.org\/es\/2024\/09\/18\/fundacio-pimec-i-fundacio-mgc-presenten-salut-360-per-promoure-entre-les-persones-empresaries-i-autonomes-la-prevencio-i-bones-practiques-en-materia-de-salut\/","url":"https:\/\/www.fundaciopimec.org\/es\/2024\/09\/18\/fundacio-pimec-i-fundacio-mgc-presenten-salut-360-per-promoure-entre-les-persones-empresaries-i-autonomes-la-prevencio-i-bones-practiques-en-materia-de-salut\/","name":"Fundaci\u00f3 PIMEC y Fundaci\u00f3 MGC presentan Salut 360 para promover, entre las personas empresarias y aut\u00f3nomas, la prevenci\u00f3n y buenas pr\u00e1cticas en materia de salud - Fundaci\u00f3 PIMEC","isPartOf":{"@id":"https:\/\/www.fundaciopimec.org\/es\/#website"},"datePublished":"2024-09-18T09:32:17+00:00","dateModified":"2024-09-18T09:53:34+00:00","breadcrumb":{"@id":"https:\/\/www.fundaciopimec.org\/es\/2024\/09\/18\/fundacio-pimec-i-fundacio-mgc-presenten-salut-360-per-promoure-entre-les-persones-empresaries-i-autonomes-la-prevencio-i-bones-practiques-en-materia-de-salut\/#breadcrumb"},"inLanguage":"es","potentialAction":[{"@type":"ReadAction","target":["https:\/\/www.fundaciopimec.org\/es\/2024\/09\/18\/fundacio-pimec-i-fundacio-mgc-presenten-salut-360-per-promoure-entre-les-persones-empresaries-i-autonomes-la-prevencio-i-bones-practiques-en-materia-de-salut\/"]}]},{"@type":"BreadcrumbList","@id":"https:\/\/www.fundaciopimec.org\/es\/2024\/09\/18\/fundacio-pimec-i-fundacio-mgc-presenten-salut-360-per-promoure-entre-les-persones-empresaries-i-autonomes-la-prevencio-i-bones-practiques-en-materia-de-salut\/#breadcrumb","itemListElement":[{"@type":"ListItem","position":1,"name":"Portada","item":"https:\/\/www.fundaciopimec.org\/es\/"},{"@type":"ListItem","position":2,"name":"Fundaci\u00f3 PIMEC y Fundaci\u00f3 MGC presentan Salut 360 para promover, entre las personas empresarias y aut\u00f3nomas, la prevenci\u00f3n y buenas pr\u00e1cticas en materia de salud"}]},{"@type":"WebSite","@id":"https:\/\/www.fundaciopimec.org\/es\/#website","url":"https:\/\/www.fundaciopimec.org\/es\/","name":"Fundaci\u00f3 PIMEC","description":"Fundaci\u00f3n PIMEC. Hacia una nueva forma de hacer y ser empresa. Apoyo personal y empresarial. Integraci\u00f3n y diversidad. Empresa y compromiso comunitario.","publisher":{"@id":"https:\/\/www.fundaciopimec.org\/es\/#organization"},"potentialAction":[{"@type":"SearchAction","target":{"@type":"EntryPoint","urlTemplate":"https:\/\/www.fundaciopimec.org\/es\/?s={search_term_string}"},"query-input":"required name=search_term_string"}],"inLanguage":"es"},{"@type":"Organization","@id":"https:\/\/www.fundaciopimec.org\/es\/#organization","name":"Fundaci\u00f3 PIMEC","url":"https:\/\/www.fundaciopimec.org\/es\/","logo":{"@type":"ImageObject","inLanguage":"es","@id":"https:\/\/www.fundaciopimec.org\/es\/#\/schema\/logo\/image\/","url":"https:\/\/www.fundaciopimec.org\/wp-content\/uploads\/Fundacio-Pimec.png","contentUrl":"https:\/\/www.fundaciopimec.org\/wp-content\/uploads\/Fundacio-Pimec.png","width":1459,"height":199,"caption":"Fundaci\u00f3 PIMEC"},"image":{"@id":"https:\/\/www.fundaciopimec.org\/es\/#\/schema\/logo\/image\/"}},{"@type":"Person","@id":"https:\/\/www.fundaciopimec.org\/es\/#\/schema\/person\/9443eac867f17430502764c8a8bedf4c","name":"Esther Boixader","image":{"@type":"ImageObject","inLanguage":"es","@id":"https:\/\/www.fundaciopimec.org\/es\/#\/schema\/person\/image\/","url":"https:\/\/secure.gravatar.com\/avatar\/decc0f311a79f7ff5f475ece7ebe826f?s=96&d=mm&r=g","contentUrl":"https:\/\/secure.gravatar.com\/avatar\/decc0f311a79f7ff5f475ece7ebe826f?s=96&d=mm&r=g","caption":"Esther Boixader"},"url":"https:\/\/www.fundaciopimec.org\/es\/author\/esther\/"}]}},"_links":{"self":[{"href":"https:\/\/www.fundaciopimec.org\/es\/wp-json\/wp\/v2\/posts\/4288","targetHints":{"allow":["GET"]}}],"collection":[{"href":"https:\/\/www.fundaciopimec.org\/es\/wp-json\/wp\/v2\/posts"}],"about":[{"href":"https:\/\/www.fundaciopimec.org\/es\/wp-json\/wp\/v2\/types\/post"}],"author":[{"embeddable":true,"href":"https:\/\/www.fundaciopimec.org\/es\/wp-json\/wp\/v2\/users\/12"}],"replies":[{"embeddable":true,"href":"https:\/\/www.fundaciopimec.org\/es\/wp-json\/wp\/v2\/comments?post=4288"}],"version-history":[{"count":1,"href":"https:\/\/www.fundaciopimec.org\/es\/wp-json\/wp\/v2\/posts\/4288\/revisions"}],"predecessor-version":[{"id":4290,"href":"https:\/\/www.fundaciopimec.org\/es\/wp-json\/wp\/v2\/posts\/4288\/revisions\/4290"}],"wp:featuredmedia":[{"embeddable":true,"href":"https:\/\/www.fundaciopimec.org\/es\/wp-json\/wp\/v2\/media\/4231"}],"wp:attachment":[{"href":"https:\/\/www.fundaciopimec.org\/es\/wp-json\/wp\/v2\/media?parent=4288"}],"wp:term":[{"taxonomy":"category","embeddable":true,"href":"https:\/\/www.fundaciopimec.org\/es\/wp-json\/wp\/v2\/categories?post=4288"},{"taxonomy":"post_tag","embeddable":true,"href":"https:\/\/www.fundaciopimec.org\/es\/wp-json\/wp\/v2\/tags?post=4288"}],"curies":[{"name":"wp","href":"https:\/\/api.w.org\/{rel}","templated":true}]}}